{"id":2239,"date":"2025-09-04T09:08:24","date_gmt":"2025-09-04T09:08:24","guid":{"rendered":"https:\/\/dietetforme.fr\/blog\/?p=2239"},"modified":"2025-09-04T09:08:25","modified_gmt":"2025-09-04T09:08:25","slug":"tartelettes-tomates-fromage-frais-express-sans-gluten","status":"publish","type":"post","link":"https:\/\/dietetforme.fr\/blog\/tartelettes-tomates-fromage-frais-express-sans-gluten\/","title":{"rendered":"Tartelettes tomates fromage frais express sans gluten"},"content":{"rendered":"\n<p>Recette de tartelettes tomates fromage frais sans gluten et sans p\u00e2te \ud83d\ude00<br>Pour deux tartelettes :<br>&#8211; 4 feuilles de riz vietnamiennes<br>&#8211; tomates \ud83c\udf45 cerises<br>&#8211; fromage frais<br>&#8211; graines de s\u00e9same<br>&#8211; herbes de Provence<br>&#8211; oignons frits<br>&#8211; 2 \u0153ufs \ud83c\udf73<\/p>\n\n\n\n<p>Casser les deux \u0153ufs &#8211; m\u00e9langer &#8211; imbiber les feuilles de riz jusqu\u2019\u00e0 ce qu\u2019elle deviennent molles &#8211; les \u00e9taler sur un papier cuisson et former de petites tartes &#8211; ajouter le fromage frais et les tomates \ud83c\udf45 cerises coup\u00e9 en deux &#8211; saupoudrer de graines de s\u00e9sames de d\u2019herbes de Provence et les oignons \ud83e\uddc5 frits- enfourner environ 30 minutes au four &#8211;<\/p>\n\n\n\n<p>Bon app\u00e9tit \ud83d\ude0b<\/p>\n","protected":false},"excerpt":{"rendered":"<p>Recette de tartelettes tomates fromage frais sans gluten et sans p\u00e2te \ud83d\ude00Pour deux tartelettes :&#8211; 4 feuilles de riz vietnamiennes&#8211; tomates \ud83c\udf45 cerises&#8211; fromage frais&#8211; graines de s\u00e9same&#8211; herbes de Provence&#8211; oignons frits&#8211; 2 \u0153ufs \ud83c\udf73 Casser les deux \u0153ufs &#8211; m\u00e9langer &#8211; imbiber les feuilles de riz jusqu\u2019\u00e0 ce qu\u2019elle deviennent molles &#8211; les \u00e9taler sur un papier cuisson et former de petites tartes &#8211; ajouter le fromage frais et les tomates \ud83c\udf45 cerises coup\u00e9 en deux &#8211; saupoudrer de graines de s\u00e9sames de d\u2019herbes de Provence et les oignons \ud83e\uddc5 frits- enfourner environ 30 minutes au four &#8211; Bon app\u00e9tit \ud83d\ude0b<\/p>\n","protected":false},"author":1,"featured_media":2241,"comment_status":"open","ping_status":"open","sticky":false,"template":"","format":"standard","meta":{"_mi_skip_tracking":false,"footnotes":""},"categories":[5],"tags":[24,246,466,494,234,319,146],"yoast_head":"<!-- This site is optimized with the Yoast SEO plugin v20.2 - https:\/\/yoast.com\/wordpress\/plugins\/seo\/ -->\n<title>Tartelettes tomates fromage frais express sans gluten - Di\u00e8t et Forme<\/title>\n<meta name=\"robots\" content=\"index, follow, max-snippet:-1, max-image-preview:large, max-video-preview:-1\" \/>\n<link rel=\"canonical\" href=\"https:\/\/dietetforme.fr\/blog\/tartelettes-tomates-fromage-frais-express-sans-gluten\/\" \/>\n<meta property=\"og:locale\" content=\"fr_FR\" \/>\n<meta property=\"og:type\" content=\"article\" \/>\n<meta property=\"og:title\" content=\"Tartelettes tomates fromage frais express sans gluten - Di\u00e8t et Forme\" \/>\n<meta property=\"og:description\" content=\"Recette de tartelettes tomates fromage frais sans gluten et sans p\u00e2te \ud83d\ude00Pour deux tartelettes :&#8211; 4 feuilles de riz vietnamiennes&#8211; tomates \ud83c\udf45 cerises&#8211; fromage frais&#8211; graines de s\u00e9same&#8211; herbes de Provence&#8211; oignons frits&#8211; 2 \u0153ufs \ud83c\udf73 Casser les deux \u0153ufs &#8211; m\u00e9langer &#8211; imbiber les feuilles de riz jusqu\u2019\u00e0 ce qu\u2019elle deviennent molles &#8211; les \u00e9taler sur un papier cuisson et former de petites tartes &#8211; ajouter le fromage frais et les tomates \ud83c\udf45 cerises coup\u00e9 en deux &#8211; saupoudrer de graines de s\u00e9sames de d\u2019herbes de Provence et les oignons \ud83e\uddc5 frits- enfourner environ 30 minutes au four &#8211; Bon app\u00e9tit \ud83d\ude0b\" \/>\n<meta property=\"og:url\" content=\"https:\/\/dietetforme.fr\/blog\/tartelettes-tomates-fromage-frais-express-sans-gluten\/\" \/>\n<meta property=\"og:site_name\" content=\"Di\u00e8t et Forme\" \/>\n<meta property=\"article:publisher\" content=\"https:\/\/www.facebook.com\/lddietetforme\/\" \/>\n<meta property=\"article:published_time\" content=\"2025-09-04T09:08:24+00:00\" \/>\n<meta property=\"article:modified_time\" content=\"2025-09-04T09:08:25+00:00\" \/>\n<meta property=\"og:image\" content=\"https:\/\/dietetforme.fr\/blog\/wp-content\/uploads\/2025\/09\/d140256e-cd68-4d60-8595-d22af19fc8d6.jpeg\" \/>\n\t<meta property=\"og:image:width\" content=\"1536\" \/>\n\t<meta property=\"og:image:height\" content=\"2048\" \/>\n\t<meta property=\"og:image:type\" content=\"image\/jpeg\" \/>\n<meta name=\"author\" content=\"L\u00e9onore Duchez\" \/>\n<meta name=\"twitter:card\" content=\"summary_large_image\" \/>\n<meta name=\"twitter:label1\" content=\"\u00c9crit par\" \/>\n\t<meta name=\"twitter:data1\" content=\"L\u00e9onore Duchez\" \/>\n\t<meta name=\"twitter:label2\" content=\"Dur\u00e9e de lecture estim\u00e9e\" \/>\n\t<meta name=\"twitter:data2\" content=\"1 minute\" \/>\n<script type=\"application\/ld+json\" class=\"yoast-schema-graph\">{\"@context\":\"https:\/\/schema.org\",\"@graph\":[{\"@type\":\"WebPage\",\"@id\":\"https:\/\/dietetforme.fr\/blog\/tartelettes-tomates-fromage-frais-express-sans-gluten\/\",\"url\":\"https:\/\/dietetforme.fr\/blog\/tartelettes-tomates-fromage-frais-express-sans-gluten\/\",\"name\":\"Tartelettes tomates fromage frais express sans gluten - Di\u00e8t et Forme\",\"isPartOf\":{\"@id\":\"https:\/\/dietetforme.fr\/blog\/#website\"},\"datePublished\":\"2025-09-04T09:08:24+00:00\",\"dateModified\":\"2025-09-04T09:08:25+00:00\",\"author\":{\"@id\":\"https:\/\/dietetforme.fr\/blog\/#\/schema\/person\/dfda5751b55409cd7b4557f58765f7a2\"},\"breadcrumb\":{\"@id\":\"https:\/\/dietetforme.fr\/blog\/tartelettes-tomates-fromage-frais-express-sans-gluten\/#breadcrumb\"},\"inLanguage\":\"fr-FR\",\"potentialAction\":[{\"@type\":\"ReadAction\",\"target\":[\"https:\/\/dietetforme.fr\/blog\/tartelettes-tomates-fromage-frais-express-sans-gluten\/\"]}]},{\"@type\":\"BreadcrumbList\",\"@id\":\"https:\/\/dietetforme.fr\/blog\/tartelettes-tomates-fromage-frais-express-sans-gluten\/#breadcrumb\",\"itemListElement\":[{\"@type\":\"ListItem\",\"position\":1,\"name\":\"Accueil\",\"item\":\"https:\/\/dietetforme.fr\/blog\/\"},{\"@type\":\"ListItem\",\"position\":2,\"name\":\"RECETTES\",\"item\":\"https:\/\/dietetforme.fr\/blog\/cat\/recettes-et-astuces-nutrition\/\"},{\"@type\":\"ListItem\",\"position\":3,\"name\":\"Tartelettes tomates fromage frais express sans gluten\"}]},{\"@type\":\"WebSite\",\"@id\":\"https:\/\/dietetforme.fr\/blog\/#website\",\"url\":\"https:\/\/dietetforme.fr\/blog\/\",\"name\":\"Di\u00e8t et Forme\",\"description\":\"Blog de recettes et astuces di\u00e9t\u00e9tiques\",\"potentialAction\":[{\"@type\":\"SearchAction\",\"target\":{\"@type\":\"EntryPoint\",\"urlTemplate\":\"https:\/\/dietetforme.fr\/blog\/?s={search_term_string}\"},\"query-input\":\"required name=search_term_string\"}],\"inLanguage\":\"fr-FR\"},{\"@type\":\"Person\",\"@id\":\"https:\/\/dietetforme.fr\/blog\/#\/schema\/person\/dfda5751b55409cd7b4557f58765f7a2\",\"name\":\"L\u00e9onore Duchez\",\"image\":{\"@type\":\"ImageObject\",\"inLanguage\":\"fr-FR\",\"@id\":\"https:\/\/dietetforme.fr\/blog\/#\/schema\/person\/image\/\",\"url\":\"https:\/\/secure.gravatar.com\/avatar\/bcb12a51f6392d50f0d406d3f084b785?s=96&d=mm&r=g\",\"contentUrl\":\"https:\/\/secure.gravatar.com\/avatar\/bcb12a51f6392d50f0d406d3f084b785?s=96&d=mm&r=g\",\"caption\":\"L\u00e9onore Duchez\"},\"url\":\"https:\/\/dietetforme.fr\/blog\/author\/admin\/\"}]}<\/script>\n<!-- \/ Yoast SEO plugin. -->","yoast_head_json":{"title":"Tartelettes tomates fromage frais express sans gluten - Di\u00e8t et Forme","robots":{"index":"index","follow":"follow","max-snippet":"max-snippet:-1","max-image-preview":"max-image-preview:large","max-video-preview":"max-video-preview:-1"},"canonical":"https:\/\/dietetforme.fr\/blog\/tartelettes-tomates-fromage-frais-express-sans-gluten\/","og_locale":"fr_FR","og_type":"article","og_title":"Tartelettes tomates fromage frais express sans gluten - Di\u00e8t et Forme","og_description":"Recette de tartelettes tomates fromage frais sans gluten et sans p\u00e2te \ud83d\ude00Pour deux tartelettes :&#8211; 4 feuilles de riz vietnamiennes&#8211; tomates \ud83c\udf45 cerises&#8211; fromage frais&#8211; graines de s\u00e9same&#8211; herbes de Provence&#8211; oignons frits&#8211; 2 \u0153ufs \ud83c\udf73 Casser les deux \u0153ufs &#8211; m\u00e9langer &#8211; imbiber les feuilles de riz jusqu\u2019\u00e0 ce qu\u2019elle deviennent molles &#8211; les \u00e9taler sur un papier cuisson et former de petites tartes &#8211; ajouter le fromage frais et les tomates \ud83c\udf45 cerises coup\u00e9 en deux &#8211; saupoudrer de graines de s\u00e9sames de d\u2019herbes de Provence et les oignons \ud83e\uddc5 frits- enfourner environ 30 minutes au four &#8211; Bon app\u00e9tit \ud83d\ude0b","og_url":"https:\/\/dietetforme.fr\/blog\/tartelettes-tomates-fromage-frais-express-sans-gluten\/","og_site_name":"Di\u00e8t et Forme","article_publisher":"https:\/\/www.facebook.com\/lddietetforme\/","article_published_time":"2025-09-04T09:08:24+00:00","article_modified_time":"2025-09-04T09:08:25+00:00","og_image":[{"width":1536,"height":2048,"url":"https:\/\/dietetforme.fr\/blog\/wp-content\/uploads\/2025\/09\/d140256e-cd68-4d60-8595-d22af19fc8d6.jpeg","type":"image\/jpeg"}],"author":"L\u00e9onore Duchez","twitter_card":"summary_large_image","twitter_misc":{"\u00c9crit par":"L\u00e9onore Duchez","Dur\u00e9e de lecture estim\u00e9e":"1 minute"},"schema":{"@context":"https:\/\/schema.org","@graph":[{"@type":"WebPage","@id":"https:\/\/dietetforme.fr\/blog\/tartelettes-tomates-fromage-frais-express-sans-gluten\/","url":"https:\/\/dietetforme.fr\/blog\/tartelettes-tomates-fromage-frais-express-sans-gluten\/","name":"Tartelettes tomates fromage frais express sans gluten - Di\u00e8t et Forme","isPartOf":{"@id":"https:\/\/dietetforme.fr\/blog\/#website"},"datePublished":"2025-09-04T09:08:24+00:00","dateModified":"2025-09-04T09:08:25+00:00","author":{"@id":"https:\/\/dietetforme.fr\/blog\/#\/schema\/person\/dfda5751b55409cd7b4557f58765f7a2"},"breadcrumb":{"@id":"https:\/\/dietetforme.fr\/blog\/tartelettes-tomates-fromage-frais-express-sans-gluten\/#breadcrumb"},"inLanguage":"fr-FR","potentialAction":[{"@type":"ReadAction","target":["https:\/\/dietetforme.fr\/blog\/tartelettes-tomates-fromage-frais-express-sans-gluten\/"]}]},{"@type":"BreadcrumbList","@id":"https:\/\/dietetforme.fr\/blog\/tartelettes-tomates-fromage-frais-express-sans-gluten\/#breadcrumb","itemListElement":[{"@type":"ListItem","position":1,"name":"Accueil","item":"https:\/\/dietetforme.fr\/blog\/"},{"@type":"ListItem","position":2,"name":"RECETTES","item":"https:\/\/dietetforme.fr\/blog\/cat\/recettes-et-astuces-nutrition\/"},{"@type":"ListItem","position":3,"name":"Tartelettes tomates fromage frais express sans gluten"}]},{"@type":"WebSite","@id":"https:\/\/dietetforme.fr\/blog\/#website","url":"https:\/\/dietetforme.fr\/blog\/","name":"Di\u00e8t et Forme","description":"Blog de recettes et astuces di\u00e9t\u00e9tiques","potentialAction":[{"@type":"SearchAction","target":{"@type":"EntryPoint","urlTemplate":"https:\/\/dietetforme.fr\/blog\/?s={search_term_string}"},"query-input":"required name=search_term_string"}],"inLanguage":"fr-FR"},{"@type":"Person","@id":"https:\/\/dietetforme.fr\/blog\/#\/schema\/person\/dfda5751b55409cd7b4557f58765f7a2","name":"L\u00e9onore Duchez","image":{"@type":"ImageObject","inLanguage":"fr-FR","@id":"https:\/\/dietetforme.fr\/blog\/#\/schema\/person\/image\/","url":"https:\/\/secure.gravatar.com\/avatar\/bcb12a51f6392d50f0d406d3f084b785?s=96&d=mm&r=g","contentUrl":"https:\/\/secure.gravatar.com\/avatar\/bcb12a51f6392d50f0d406d3f084b785?s=96&d=mm&r=g","caption":"L\u00e9onore Duchez"},"url":"https:\/\/dietetforme.fr\/blog\/author\/admin\/"}]}},"acf":[],"_links":{"self":[{"href":"https:\/\/dietetforme.fr\/blog\/wp-json\/wp\/v2\/posts\/2239"}],"collection":[{"href":"https:\/\/dietetforme.fr\/blog\/wp-json\/wp\/v2\/posts"}],"about":[{"href":"https:\/\/dietetforme.fr\/blog\/wp-json\/wp\/v2\/types\/post"}],"author":[{"embeddable":true,"href":"https:\/\/dietetforme.fr\/blog\/wp-json\/wp\/v2\/users\/1"}],"replies":[{"embeddable":true,"href":"https:\/\/dietetforme.fr\/blog\/wp-json\/wp\/v2\/comments?post=2239"}],"version-history":[{"count":1,"href":"https:\/\/dietetforme.fr\/blog\/wp-json\/wp\/v2\/posts\/2239\/revisions"}],"predecessor-version":[{"id":2242,"href":"https:\/\/dietetforme.fr\/blog\/wp-json\/wp\/v2\/posts\/2239\/revisions\/2242"}],"wp:featuredmedia":[{"embeddable":true,"href":"https:\/\/dietetforme.fr\/blog\/wp-json\/wp\/v2\/media\/2241"}],"wp:attachment":[{"href":"https:\/\/dietetforme.fr\/blog\/wp-json\/wp\/v2\/media?parent=2239"}],"wp:term":[{"taxonomy":"category","embeddable":true,"href":"https:\/\/dietetforme.fr\/blog\/wp-json\/wp\/v2\/categories?post=2239"},{"taxonomy":"post_tag","embeddable":true,"href":"https:\/\/dietetforme.fr\/blog\/wp-json\/wp\/v2\/tags?post=2239"}],"curies":[{"name":"wp","href":"https:\/\/api.w.org\/{rel}","templated":true}]}}