{"id":2143,"date":"2023-11-15T10:30:19","date_gmt":"2023-11-15T10:30:19","guid":{"rendered":"https:\/\/dietetforme.fr\/blog\/?p=2143"},"modified":"2023-11-15T10:30:20","modified_gmt":"2023-11-15T10:30:20","slug":"galettes-de-carottes","status":"publish","type":"post","link":"https:\/\/dietetforme.fr\/blog\/galettes-de-carottes\/","title":{"rendered":"GALETTES DE CAROTTES"},"content":{"rendered":"\n<p>Ingr\u00e9dients pour 6 galettes de carottes \ud83e\udd55<br>&#8211; 100g de carottes r\u00e2p\u00e9es<br>&#8211; 100g de flocons d\u2019avoine<br>&#8211; 15g de graines de lins moulues<br>&#8211; 100g de lait v\u00e9g\u00e9tal ou autre<br>&#8211; Curry cumin et ail<\/p>\n\n\n\n<p>Mixer les flocons d\u2019avoine puis m\u00e9langer tous les ingr\u00e9dients jusqu\u2019\u00e0 obtenir une p\u00e2te homog\u00e8ne &#8211; faire chauffer un peu d\u2019huile au fond d\u2019une po\u00eale et former vos galettes \u00e0 l\u2019aide d\u2019un emporte pi\u00e8ce &#8211; puis les faire cuire quelques minutes de chaque c\u00f4te ! Bon app\u00e9tit <\/p>\n","protected":false},"excerpt":{"rendered":"<p>Ingr\u00e9dients pour 6 galettes de carottes \ud83e\udd55&#8211; 100g de carottes r\u00e2p\u00e9es&#8211; 100g de flocons d\u2019avoine&#8211; 15g de graines de lins moulues&#8211; 100g de lait v\u00e9g\u00e9tal ou autre&#8211; Curry cumin et ail Mixer les flocons d\u2019avoine puis m\u00e9langer tous les ingr\u00e9dients jusqu\u2019\u00e0 obtenir une p\u00e2te homog\u00e8ne &#8211; faire chauffer un peu d\u2019huile au fond d\u2019une po\u00eale et former vos galettes \u00e0 l\u2019aide d\u2019un emporte pi\u00e8ce &#8211; puis les faire cuire quelques minutes de chaque c\u00f4te ! Bon app\u00e9tit<\/p>\n","protected":false},"author":1,"featured_media":2144,"comment_status":"open","ping_status":"open","sticky":false,"template":"","format":"standard","meta":{"_mi_skip_tracking":false,"footnotes":""},"categories":[5,3,12],"tags":[312,179,190,290,24,301,204,297,210],"yoast_head":"<!-- This site is optimized with the Yoast SEO plugin v20.2 - https:\/\/yoast.com\/wordpress\/plugins\/seo\/ -->\n<title>GALETTES DE CAROTTES - Di\u00e8t et Forme<\/title>\n<meta name=\"robots\" content=\"index, follow, max-snippet:-1, max-image-preview:large, max-video-preview:-1\" \/>\n<link rel=\"canonical\" href=\"https:\/\/dietetforme.fr\/blog\/galettes-de-carottes\/\" \/>\n<meta property=\"og:locale\" content=\"fr_FR\" \/>\n<meta property=\"og:type\" content=\"article\" \/>\n<meta property=\"og:title\" content=\"GALETTES DE CAROTTES - Di\u00e8t et Forme\" \/>\n<meta property=\"og:description\" content=\"Ingr\u00e9dients pour 6 galettes de carottes \ud83e\udd55&#8211; 100g de carottes r\u00e2p\u00e9es&#8211; 100g de flocons d\u2019avoine&#8211; 15g de graines de lins moulues&#8211; 100g de lait v\u00e9g\u00e9tal ou autre&#8211; Curry cumin et ail Mixer les flocons d\u2019avoine puis m\u00e9langer tous les ingr\u00e9dients jusqu\u2019\u00e0 obtenir une p\u00e2te homog\u00e8ne &#8211; faire chauffer un peu d\u2019huile au fond d\u2019une po\u00eale et former vos galettes \u00e0 l\u2019aide d\u2019un emporte pi\u00e8ce &#8211; puis les faire cuire quelques minutes de chaque c\u00f4te ! Bon app\u00e9tit\" \/>\n<meta property=\"og:url\" content=\"https:\/\/dietetforme.fr\/blog\/galettes-de-carottes\/\" \/>\n<meta property=\"og:site_name\" content=\"Di\u00e8t et Forme\" \/>\n<meta property=\"article:publisher\" content=\"https:\/\/www.facebook.com\/lddietetforme\/\" \/>\n<meta property=\"article:published_time\" content=\"2023-11-15T10:30:19+00:00\" \/>\n<meta property=\"article:modified_time\" content=\"2023-11-15T10:30:20+00:00\" \/>\n<meta property=\"og:image\" content=\"https:\/\/dietetforme.fr\/blog\/wp-content\/uploads\/2023\/11\/395705309_537724505232832_6869436450265014640_n.jpg\" \/>\n\t<meta property=\"og:image:width\" content=\"828\" \/>\n\t<meta property=\"og:image:height\" content=\"1104\" \/>\n\t<meta property=\"og:image:type\" content=\"image\/jpeg\" \/>\n<meta name=\"author\" content=\"L\u00e9onore Duchez\" \/>\n<meta name=\"twitter:card\" content=\"summary_large_image\" \/>\n<meta name=\"twitter:label1\" content=\"\u00c9crit par\" \/>\n\t<meta name=\"twitter:data1\" content=\"L\u00e9onore Duchez\" \/>\n\t<meta name=\"twitter:label2\" content=\"Dur\u00e9e de lecture estim\u00e9e\" \/>\n\t<meta name=\"twitter:data2\" content=\"1 minute\" \/>\n<script type=\"application\/ld+json\" class=\"yoast-schema-graph\">{\"@context\":\"https:\/\/schema.org\",\"@graph\":[{\"@type\":\"WebPage\",\"@id\":\"https:\/\/dietetforme.fr\/blog\/galettes-de-carottes\/\",\"url\":\"https:\/\/dietetforme.fr\/blog\/galettes-de-carottes\/\",\"name\":\"GALETTES DE CAROTTES - Di\u00e8t et Forme\",\"isPartOf\":{\"@id\":\"https:\/\/dietetforme.fr\/blog\/#website\"},\"datePublished\":\"2023-11-15T10:30:19+00:00\",\"dateModified\":\"2023-11-15T10:30:20+00:00\",\"author\":{\"@id\":\"https:\/\/dietetforme.fr\/blog\/#\/schema\/person\/dfda5751b55409cd7b4557f58765f7a2\"},\"breadcrumb\":{\"@id\":\"https:\/\/dietetforme.fr\/blog\/galettes-de-carottes\/#breadcrumb\"},\"inLanguage\":\"fr-FR\",\"potentialAction\":[{\"@type\":\"ReadAction\",\"target\":[\"https:\/\/dietetforme.fr\/blog\/galettes-de-carottes\/\"]}]},{\"@type\":\"BreadcrumbList\",\"@id\":\"https:\/\/dietetforme.fr\/blog\/galettes-de-carottes\/#breadcrumb\",\"itemListElement\":[{\"@type\":\"ListItem\",\"position\":1,\"name\":\"Accueil\",\"item\":\"https:\/\/dietetforme.fr\/blog\/\"},{\"@type\":\"ListItem\",\"position\":2,\"name\":\"RECETTES\",\"item\":\"https:\/\/dietetforme.fr\/blog\/cat\/recettes-et-astuces-nutrition\/\"},{\"@type\":\"ListItem\",\"position\":3,\"name\":\"GALETTES DE CAROTTES\"}]},{\"@type\":\"WebSite\",\"@id\":\"https:\/\/dietetforme.fr\/blog\/#website\",\"url\":\"https:\/\/dietetforme.fr\/blog\/\",\"name\":\"Di\u00e8t et Forme\",\"description\":\"Blog de recettes et astuces di\u00e9t\u00e9tiques\",\"potentialAction\":[{\"@type\":\"SearchAction\",\"target\":{\"@type\":\"EntryPoint\",\"urlTemplate\":\"https:\/\/dietetforme.fr\/blog\/?s={search_term_string}\"},\"query-input\":\"required name=search_term_string\"}],\"inLanguage\":\"fr-FR\"},{\"@type\":\"Person\",\"@id\":\"https:\/\/dietetforme.fr\/blog\/#\/schema\/person\/dfda5751b55409cd7b4557f58765f7a2\",\"name\":\"L\u00e9onore Duchez\",\"image\":{\"@type\":\"ImageObject\",\"inLanguage\":\"fr-FR\",\"@id\":\"https:\/\/dietetforme.fr\/blog\/#\/schema\/person\/image\/\",\"url\":\"https:\/\/secure.gravatar.com\/avatar\/bcb12a51f6392d50f0d406d3f084b785?s=96&d=mm&r=g\",\"contentUrl\":\"https:\/\/secure.gravatar.com\/avatar\/bcb12a51f6392d50f0d406d3f084b785?s=96&d=mm&r=g\",\"caption\":\"L\u00e9onore Duchez\"},\"url\":\"https:\/\/dietetforme.fr\/blog\/author\/admin\/\"}]}<\/script>\n<!-- \/ Yoast SEO plugin. -->","yoast_head_json":{"title":"GALETTES DE CAROTTES - Di\u00e8t et Forme","robots":{"index":"index","follow":"follow","max-snippet":"max-snippet:-1","max-image-preview":"max-image-preview:large","max-video-preview":"max-video-preview:-1"},"canonical":"https:\/\/dietetforme.fr\/blog\/galettes-de-carottes\/","og_locale":"fr_FR","og_type":"article","og_title":"GALETTES DE CAROTTES - Di\u00e8t et Forme","og_description":"Ingr\u00e9dients pour 6 galettes de carottes \ud83e\udd55&#8211; 100g de carottes r\u00e2p\u00e9es&#8211; 100g de flocons d\u2019avoine&#8211; 15g de graines de lins moulues&#8211; 100g de lait v\u00e9g\u00e9tal ou autre&#8211; Curry cumin et ail Mixer les flocons d\u2019avoine puis m\u00e9langer tous les ingr\u00e9dients jusqu\u2019\u00e0 obtenir une p\u00e2te homog\u00e8ne &#8211; faire chauffer un peu d\u2019huile au fond d\u2019une po\u00eale et former vos galettes \u00e0 l\u2019aide d\u2019un emporte pi\u00e8ce &#8211; puis les faire cuire quelques minutes de chaque c\u00f4te ! Bon app\u00e9tit","og_url":"https:\/\/dietetforme.fr\/blog\/galettes-de-carottes\/","og_site_name":"Di\u00e8t et Forme","article_publisher":"https:\/\/www.facebook.com\/lddietetforme\/","article_published_time":"2023-11-15T10:30:19+00:00","article_modified_time":"2023-11-15T10:30:20+00:00","og_image":[{"width":828,"height":1104,"url":"https:\/\/dietetforme.fr\/blog\/wp-content\/uploads\/2023\/11\/395705309_537724505232832_6869436450265014640_n.jpg","type":"image\/jpeg"}],"author":"L\u00e9onore Duchez","twitter_card":"summary_large_image","twitter_misc":{"\u00c9crit par":"L\u00e9onore Duchez","Dur\u00e9e de lecture estim\u00e9e":"1 minute"},"schema":{"@context":"https:\/\/schema.org","@graph":[{"@type":"WebPage","@id":"https:\/\/dietetforme.fr\/blog\/galettes-de-carottes\/","url":"https:\/\/dietetforme.fr\/blog\/galettes-de-carottes\/","name":"GALETTES DE CAROTTES - Di\u00e8t et Forme","isPartOf":{"@id":"https:\/\/dietetforme.fr\/blog\/#website"},"datePublished":"2023-11-15T10:30:19+00:00","dateModified":"2023-11-15T10:30:20+00:00","author":{"@id":"https:\/\/dietetforme.fr\/blog\/#\/schema\/person\/dfda5751b55409cd7b4557f58765f7a2"},"breadcrumb":{"@id":"https:\/\/dietetforme.fr\/blog\/galettes-de-carottes\/#breadcrumb"},"inLanguage":"fr-FR","potentialAction":[{"@type":"ReadAction","target":["https:\/\/dietetforme.fr\/blog\/galettes-de-carottes\/"]}]},{"@type":"BreadcrumbList","@id":"https:\/\/dietetforme.fr\/blog\/galettes-de-carottes\/#breadcrumb","itemListElement":[{"@type":"ListItem","position":1,"name":"Accueil","item":"https:\/\/dietetforme.fr\/blog\/"},{"@type":"ListItem","position":2,"name":"RECETTES","item":"https:\/\/dietetforme.fr\/blog\/cat\/recettes-et-astuces-nutrition\/"},{"@type":"ListItem","position":3,"name":"GALETTES DE CAROTTES"}]},{"@type":"WebSite","@id":"https:\/\/dietetforme.fr\/blog\/#website","url":"https:\/\/dietetforme.fr\/blog\/","name":"Di\u00e8t et Forme","description":"Blog de recettes et astuces di\u00e9t\u00e9tiques","potentialAction":[{"@type":"SearchAction","target":{"@type":"EntryPoint","urlTemplate":"https:\/\/dietetforme.fr\/blog\/?s={search_term_string}"},"query-input":"required name=search_term_string"}],"inLanguage":"fr-FR"},{"@type":"Person","@id":"https:\/\/dietetforme.fr\/blog\/#\/schema\/person\/dfda5751b55409cd7b4557f58765f7a2","name":"L\u00e9onore Duchez","image":{"@type":"ImageObject","inLanguage":"fr-FR","@id":"https:\/\/dietetforme.fr\/blog\/#\/schema\/person\/image\/","url":"https:\/\/secure.gravatar.com\/avatar\/bcb12a51f6392d50f0d406d3f084b785?s=96&d=mm&r=g","contentUrl":"https:\/\/secure.gravatar.com\/avatar\/bcb12a51f6392d50f0d406d3f084b785?s=96&d=mm&r=g","caption":"L\u00e9onore Duchez"},"url":"https:\/\/dietetforme.fr\/blog\/author\/admin\/"}]}},"acf":[],"_links":{"self":[{"href":"https:\/\/dietetforme.fr\/blog\/wp-json\/wp\/v2\/posts\/2143"}],"collection":[{"href":"https:\/\/dietetforme.fr\/blog\/wp-json\/wp\/v2\/posts"}],"about":[{"href":"https:\/\/dietetforme.fr\/blog\/wp-json\/wp\/v2\/types\/post"}],"author":[{"embeddable":true,"href":"https:\/\/dietetforme.fr\/blog\/wp-json\/wp\/v2\/users\/1"}],"replies":[{"embeddable":true,"href":"https:\/\/dietetforme.fr\/blog\/wp-json\/wp\/v2\/comments?post=2143"}],"version-history":[{"count":1,"href":"https:\/\/dietetforme.fr\/blog\/wp-json\/wp\/v2\/posts\/2143\/revisions"}],"predecessor-version":[{"id":2145,"href":"https:\/\/dietetforme.fr\/blog\/wp-json\/wp\/v2\/posts\/2143\/revisions\/2145"}],"wp:featuredmedia":[{"embeddable":true,"href":"https:\/\/dietetforme.fr\/blog\/wp-json\/wp\/v2\/media\/2144"}],"wp:attachment":[{"href":"https:\/\/dietetforme.fr\/blog\/wp-json\/wp\/v2\/media?parent=2143"}],"wp:term":[{"taxonomy":"category","embeddable":true,"href":"https:\/\/dietetforme.fr\/blog\/wp-json\/wp\/v2\/categories?post=2143"},{"taxonomy":"post_tag","embeddable":true,"href":"https:\/\/dietetforme.fr\/blog\/wp-json\/wp\/v2\/tags?post=2143"}],"curies":[{"name":"wp","href":"https:\/\/api.w.org\/{rel}","templated":true}]}}