{"id":1961,"date":"2020-12-22T08:59:40","date_gmt":"2020-12-22T08:59:40","guid":{"rendered":"https:\/\/dietetforme.fr\/blog\/?p=1961"},"modified":"2020-12-22T08:59:41","modified_gmt":"2020-12-22T08:59:41","slug":"tarte-ricotta-aubergines-carottes-violettes","status":"publish","type":"post","link":"https:\/\/dietetforme.fr\/blog\/tarte-ricotta-aubergines-carottes-violettes\/","title":{"rendered":"TARTE RICOTTA AUBERGINES CAROTTES VIOLETTES"},"content":{"rendered":"\n<p><br>Ingr\u00e9dients pour 1 tarte :<br>&#8211; 1 p\u00e2te bris\u00e9e<br>&#8211; 1 aubergine moyenne<br>&#8211; 1 carotte violette<br>&#8211; ricotta<\/p>\n\n\n\n<p>Faire chauffer votre p\u00e2te bris\u00e9e \u00e0 blanc au four \u00e0 180\u2022 laver et couper votre aubergine en lamelles faire de m\u00eame avec la carotte \ud83e\udd55 &#8211; faire revenir la carotte dans une po\u00eale avec un peu d\u2019huile &#8211; sortir votre p\u00e2te du four et faire cuire les lamelles d\u2019aubergine avec un filet d\u2019huile \u00e0 180 degr\u00e9s &#8211; \u00e9taler la ricotta sur la p\u00e2te bris\u00e9e et disposer l\u2019aubergine et la carotte dessus ! Servir avec une salade \ud83e\udd57 ou autres \ud83d\ude09<br><\/p>\n","protected":false},"excerpt":{"rendered":"<p>Ingr\u00e9dients pour 1 tarte :&#8211; 1 p\u00e2te bris\u00e9e&#8211; 1 aubergine moyenne&#8211; 1 carotte violette&#8211; ricotta Faire chauffer votre p\u00e2te bris\u00e9e \u00e0 blanc au four \u00e0 180\u2022 laver et couper votre aubergine en lamelles faire de m\u00eame avec la carotte \ud83e\udd55 &#8211; faire revenir la carotte dans une po\u00eale avec un peu d\u2019huile &#8211; sortir votre p\u00e2te du four et faire cuire les lamelles d\u2019aubergine avec un filet d\u2019huile \u00e0 180 degr\u00e9s &#8211; \u00e9taler la ricotta sur la p\u00e2te bris\u00e9e et disposer l\u2019aubergine et la carotte dessus ! Servir avec une salade \ud83e\udd57 ou autres \ud83d\ude09<\/p>\n","protected":false},"author":1,"featured_media":1962,"comment_status":"open","ping_status":"open","sticky":false,"template":"","format":"standard","meta":{"_mi_skip_tracking":false,"footnotes":""},"categories":[5,3],"tags":[179,241,190,311,213,289,74,146],"yoast_head":"<!-- This site is optimized with the Yoast SEO plugin v20.2 - https:\/\/yoast.com\/wordpress\/plugins\/seo\/ -->\n<title>TARTE RICOTTA AUBERGINES CAROTTES VIOLETTES - Di\u00e8t et Forme<\/title>\n<meta name=\"robots\" content=\"index, follow, max-snippet:-1, max-image-preview:large, max-video-preview:-1\" \/>\n<link rel=\"canonical\" href=\"https:\/\/dietetforme.fr\/blog\/tarte-ricotta-aubergines-carottes-violettes\/\" \/>\n<meta property=\"og:locale\" content=\"fr_FR\" \/>\n<meta property=\"og:type\" content=\"article\" \/>\n<meta property=\"og:title\" content=\"TARTE RICOTTA AUBERGINES CAROTTES VIOLETTES - Di\u00e8t et Forme\" \/>\n<meta property=\"og:description\" content=\"Ingr\u00e9dients pour 1 tarte :&#8211; 1 p\u00e2te bris\u00e9e&#8211; 1 aubergine moyenne&#8211; 1 carotte violette&#8211; ricotta Faire chauffer votre p\u00e2te bris\u00e9e \u00e0 blanc au four \u00e0 180\u2022 laver et couper votre aubergine en lamelles faire de m\u00eame avec la carotte \ud83e\udd55 &#8211; faire revenir la carotte dans une po\u00eale avec un peu d\u2019huile &#8211; sortir votre p\u00e2te du four et faire cuire les lamelles d\u2019aubergine avec un filet d\u2019huile \u00e0 180 degr\u00e9s &#8211; \u00e9taler la ricotta sur la p\u00e2te bris\u00e9e et disposer l\u2019aubergine et la carotte dessus ! Servir avec une salade \ud83e\udd57 ou autres \ud83d\ude09\" \/>\n<meta property=\"og:url\" content=\"https:\/\/dietetforme.fr\/blog\/tarte-ricotta-aubergines-carottes-violettes\/\" \/>\n<meta property=\"og:site_name\" content=\"Di\u00e8t et Forme\" \/>\n<meta property=\"article:publisher\" content=\"https:\/\/www.facebook.com\/lddietetforme\/\" \/>\n<meta property=\"article:published_time\" content=\"2020-12-22T08:59:40+00:00\" \/>\n<meta property=\"article:modified_time\" content=\"2020-12-22T08:59:41+00:00\" \/>\n<meta property=\"og:image\" content=\"https:\/\/dietetforme.fr\/blog\/wp-content\/uploads\/2020\/12\/131509411_2682085882121896_331005711749215722_n.jpg\" \/>\n\t<meta property=\"og:image:width\" content=\"828\" \/>\n\t<meta property=\"og:image:height\" content=\"1026\" \/>\n\t<meta property=\"og:image:type\" content=\"image\/jpeg\" \/>\n<meta name=\"author\" content=\"L\u00e9onore Duchez\" \/>\n<meta name=\"twitter:card\" content=\"summary_large_image\" \/>\n<meta name=\"twitter:label1\" content=\"\u00c9crit par\" \/>\n\t<meta name=\"twitter:data1\" content=\"L\u00e9onore Duchez\" \/>\n<script type=\"application\/ld+json\" class=\"yoast-schema-graph\">{\"@context\":\"https:\/\/schema.org\",\"@graph\":[{\"@type\":\"WebPage\",\"@id\":\"https:\/\/dietetforme.fr\/blog\/tarte-ricotta-aubergines-carottes-violettes\/\",\"url\":\"https:\/\/dietetforme.fr\/blog\/tarte-ricotta-aubergines-carottes-violettes\/\",\"name\":\"TARTE RICOTTA AUBERGINES CAROTTES VIOLETTES - Di\u00e8t et Forme\",\"isPartOf\":{\"@id\":\"https:\/\/dietetforme.fr\/blog\/#website\"},\"datePublished\":\"2020-12-22T08:59:40+00:00\",\"dateModified\":\"2020-12-22T08:59:41+00:00\",\"author\":{\"@id\":\"https:\/\/dietetforme.fr\/blog\/#\/schema\/person\/dfda5751b55409cd7b4557f58765f7a2\"},\"breadcrumb\":{\"@id\":\"https:\/\/dietetforme.fr\/blog\/tarte-ricotta-aubergines-carottes-violettes\/#breadcrumb\"},\"inLanguage\":\"fr-FR\",\"potentialAction\":[{\"@type\":\"ReadAction\",\"target\":[\"https:\/\/dietetforme.fr\/blog\/tarte-ricotta-aubergines-carottes-violettes\/\"]}]},{\"@type\":\"BreadcrumbList\",\"@id\":\"https:\/\/dietetforme.fr\/blog\/tarte-ricotta-aubergines-carottes-violettes\/#breadcrumb\",\"itemListElement\":[{\"@type\":\"ListItem\",\"position\":1,\"name\":\"Accueil\",\"item\":\"https:\/\/dietetforme.fr\/blog\/\"},{\"@type\":\"ListItem\",\"position\":2,\"name\":\"RECETTES\",\"item\":\"https:\/\/dietetforme.fr\/blog\/cat\/recettes-et-astuces-nutrition\/\"},{\"@type\":\"ListItem\",\"position\":3,\"name\":\"TARTE RICOTTA AUBERGINES CAROTTES VIOLETTES\"}]},{\"@type\":\"WebSite\",\"@id\":\"https:\/\/dietetforme.fr\/blog\/#website\",\"url\":\"https:\/\/dietetforme.fr\/blog\/\",\"name\":\"Di\u00e8t et Forme\",\"description\":\"Blog de recettes et astuces di\u00e9t\u00e9tiques\",\"potentialAction\":[{\"@type\":\"SearchAction\",\"target\":{\"@type\":\"EntryPoint\",\"urlTemplate\":\"https:\/\/dietetforme.fr\/blog\/?s={search_term_string}\"},\"query-input\":\"required name=search_term_string\"}],\"inLanguage\":\"fr-FR\"},{\"@type\":\"Person\",\"@id\":\"https:\/\/dietetforme.fr\/blog\/#\/schema\/person\/dfda5751b55409cd7b4557f58765f7a2\",\"name\":\"L\u00e9onore Duchez\",\"image\":{\"@type\":\"ImageObject\",\"inLanguage\":\"fr-FR\",\"@id\":\"https:\/\/dietetforme.fr\/blog\/#\/schema\/person\/image\/\",\"url\":\"https:\/\/secure.gravatar.com\/avatar\/bcb12a51f6392d50f0d406d3f084b785?s=96&d=mm&r=g\",\"contentUrl\":\"https:\/\/secure.gravatar.com\/avatar\/bcb12a51f6392d50f0d406d3f084b785?s=96&d=mm&r=g\",\"caption\":\"L\u00e9onore Duchez\"},\"url\":\"https:\/\/dietetforme.fr\/blog\/author\/admin\/\"}]}<\/script>\n<!-- \/ Yoast SEO plugin. -->","yoast_head_json":{"title":"TARTE RICOTTA AUBERGINES CAROTTES VIOLETTES - Di\u00e8t et Forme","robots":{"index":"index","follow":"follow","max-snippet":"max-snippet:-1","max-image-preview":"max-image-preview:large","max-video-preview":"max-video-preview:-1"},"canonical":"https:\/\/dietetforme.fr\/blog\/tarte-ricotta-aubergines-carottes-violettes\/","og_locale":"fr_FR","og_type":"article","og_title":"TARTE RICOTTA AUBERGINES CAROTTES VIOLETTES - Di\u00e8t et Forme","og_description":"Ingr\u00e9dients pour 1 tarte :&#8211; 1 p\u00e2te bris\u00e9e&#8211; 1 aubergine moyenne&#8211; 1 carotte violette&#8211; ricotta Faire chauffer votre p\u00e2te bris\u00e9e \u00e0 blanc au four \u00e0 180\u2022 laver et couper votre aubergine en lamelles faire de m\u00eame avec la carotte \ud83e\udd55 &#8211; faire revenir la carotte dans une po\u00eale avec un peu d\u2019huile &#8211; sortir votre p\u00e2te du four et faire cuire les lamelles d\u2019aubergine avec un filet d\u2019huile \u00e0 180 degr\u00e9s &#8211; \u00e9taler la ricotta sur la p\u00e2te bris\u00e9e et disposer l\u2019aubergine et la carotte dessus ! Servir avec une salade \ud83e\udd57 ou autres \ud83d\ude09","og_url":"https:\/\/dietetforme.fr\/blog\/tarte-ricotta-aubergines-carottes-violettes\/","og_site_name":"Di\u00e8t et Forme","article_publisher":"https:\/\/www.facebook.com\/lddietetforme\/","article_published_time":"2020-12-22T08:59:40+00:00","article_modified_time":"2020-12-22T08:59:41+00:00","og_image":[{"width":828,"height":1026,"url":"https:\/\/dietetforme.fr\/blog\/wp-content\/uploads\/2020\/12\/131509411_2682085882121896_331005711749215722_n.jpg","type":"image\/jpeg"}],"author":"L\u00e9onore Duchez","twitter_card":"summary_large_image","twitter_misc":{"\u00c9crit par":"L\u00e9onore Duchez"},"schema":{"@context":"https:\/\/schema.org","@graph":[{"@type":"WebPage","@id":"https:\/\/dietetforme.fr\/blog\/tarte-ricotta-aubergines-carottes-violettes\/","url":"https:\/\/dietetforme.fr\/blog\/tarte-ricotta-aubergines-carottes-violettes\/","name":"TARTE RICOTTA AUBERGINES CAROTTES VIOLETTES - Di\u00e8t et Forme","isPartOf":{"@id":"https:\/\/dietetforme.fr\/blog\/#website"},"datePublished":"2020-12-22T08:59:40+00:00","dateModified":"2020-12-22T08:59:41+00:00","author":{"@id":"https:\/\/dietetforme.fr\/blog\/#\/schema\/person\/dfda5751b55409cd7b4557f58765f7a2"},"breadcrumb":{"@id":"https:\/\/dietetforme.fr\/blog\/tarte-ricotta-aubergines-carottes-violettes\/#breadcrumb"},"inLanguage":"fr-FR","potentialAction":[{"@type":"ReadAction","target":["https:\/\/dietetforme.fr\/blog\/tarte-ricotta-aubergines-carottes-violettes\/"]}]},{"@type":"BreadcrumbList","@id":"https:\/\/dietetforme.fr\/blog\/tarte-ricotta-aubergines-carottes-violettes\/#breadcrumb","itemListElement":[{"@type":"ListItem","position":1,"name":"Accueil","item":"https:\/\/dietetforme.fr\/blog\/"},{"@type":"ListItem","position":2,"name":"RECETTES","item":"https:\/\/dietetforme.fr\/blog\/cat\/recettes-et-astuces-nutrition\/"},{"@type":"ListItem","position":3,"name":"TARTE RICOTTA AUBERGINES CAROTTES VIOLETTES"}]},{"@type":"WebSite","@id":"https:\/\/dietetforme.fr\/blog\/#website","url":"https:\/\/dietetforme.fr\/blog\/","name":"Di\u00e8t et Forme","description":"Blog de recettes et astuces di\u00e9t\u00e9tiques","potentialAction":[{"@type":"SearchAction","target":{"@type":"EntryPoint","urlTemplate":"https:\/\/dietetforme.fr\/blog\/?s={search_term_string}"},"query-input":"required name=search_term_string"}],"inLanguage":"fr-FR"},{"@type":"Person","@id":"https:\/\/dietetforme.fr\/blog\/#\/schema\/person\/dfda5751b55409cd7b4557f58765f7a2","name":"L\u00e9onore Duchez","image":{"@type":"ImageObject","inLanguage":"fr-FR","@id":"https:\/\/dietetforme.fr\/blog\/#\/schema\/person\/image\/","url":"https:\/\/secure.gravatar.com\/avatar\/bcb12a51f6392d50f0d406d3f084b785?s=96&d=mm&r=g","contentUrl":"https:\/\/secure.gravatar.com\/avatar\/bcb12a51f6392d50f0d406d3f084b785?s=96&d=mm&r=g","caption":"L\u00e9onore Duchez"},"url":"https:\/\/dietetforme.fr\/blog\/author\/admin\/"}]}},"acf":[],"_links":{"self":[{"href":"https:\/\/dietetforme.fr\/blog\/wp-json\/wp\/v2\/posts\/1961"}],"collection":[{"href":"https:\/\/dietetforme.fr\/blog\/wp-json\/wp\/v2\/posts"}],"about":[{"href":"https:\/\/dietetforme.fr\/blog\/wp-json\/wp\/v2\/types\/post"}],"author":[{"embeddable":true,"href":"https:\/\/dietetforme.fr\/blog\/wp-json\/wp\/v2\/users\/1"}],"replies":[{"embeddable":true,"href":"https:\/\/dietetforme.fr\/blog\/wp-json\/wp\/v2\/comments?post=1961"}],"version-history":[{"count":1,"href":"https:\/\/dietetforme.fr\/blog\/wp-json\/wp\/v2\/posts\/1961\/revisions"}],"predecessor-version":[{"id":1963,"href":"https:\/\/dietetforme.fr\/blog\/wp-json\/wp\/v2\/posts\/1961\/revisions\/1963"}],"wp:featuredmedia":[{"embeddable":true,"href":"https:\/\/dietetforme.fr\/blog\/wp-json\/wp\/v2\/media\/1962"}],"wp:attachment":[{"href":"https:\/\/dietetforme.fr\/blog\/wp-json\/wp\/v2\/media?parent=1961"}],"wp:term":[{"taxonomy":"category","embeddable":true,"href":"https:\/\/dietetforme.fr\/blog\/wp-json\/wp\/v2\/categories?post=1961"},{"taxonomy":"post_tag","embeddable":true,"href":"https:\/\/dietetforme.fr\/blog\/wp-json\/wp\/v2\/tags?post=1961"}],"curies":[{"name":"wp","href":"https:\/\/api.w.org\/{rel}","templated":true}]}}