{"id":1782,"date":"2020-03-02T12:41:05","date_gmt":"2020-03-02T12:41:05","guid":{"rendered":"https:\/\/dietetforme.fr\/blog\/?p=1782"},"modified":"2020-03-02T12:41:10","modified_gmt":"2020-03-02T12:41:10","slug":"pommes-de-terre-grenailles-asperges-au-parmesan","status":"publish","type":"post","link":"https:\/\/dietetforme.fr\/blog\/pommes-de-terre-grenailles-asperges-au-parmesan\/","title":{"rendered":"Pommes de terre grenailles asperges au parmesan"},"content":{"rendered":"\n<p>Les premi\u00e8res asperges sont arriv\u00e9es, une recette qui\nm\u00e9lange le chaud et le froid pour consommer ce l\u00e9gume. <\/p>\n\n\n\n<p><strong>Ingr\u00e9dients pour 2 personnes\u00a0: <\/strong><\/p>\n\n\n\n<ul><li><strong>300g de pommes de terre grenailles <\/strong><\/li><li><strong>8 asperges <\/strong><\/li><li><strong>F\u00eata <\/strong><\/li><li><strong>Parmesan <\/strong><\/li><li><strong>Tomates s\u00e9ch\u00e9es <\/strong><\/li><li><strong>45 ml d\u2019huile <\/strong><\/li><li><strong>Sel <\/strong><\/li><\/ul>\n\n\n\n<p>Laver les pommes de terre grenailles, les d\u00e9poser dans un\nplat allant au four. Verser 35ml d\u2019huile, saler. <\/p>\n\n\n\n<p>M\u00e9langer pour que les pommes de terre s\u2019impr\u00e8gnent bien. <\/p>\n\n\n\n<p>Enfourner 50 minutes \u00e0 180\u00b0. <\/p>\n\n\n\n<p>Pendant ce temps, couper le bout dur des asperges. <\/p>\n\n\n\n<p>Faire bouillir de l\u2019eau dans une casserole, plonger les asperges\n4 minutes. <\/p>\n\n\n\n<p>Une fois \u00e9goutter, les passer sous un filet d\u2019eau froide\npour maintenir la couleur verte des asperges. <\/p>\n\n\n\n<p>Dans une po\u00eale, faire revenir le reste de l\u2019huile, ajouter\nles asperges pour les faire dorer quelques minutes, saupoudrer de parmesan en\nfin de cuisson. <\/p>\n\n\n\n<p>Dans une assiette creuse, d\u00e9poser les pommes de terre, les asperges,\nquelques d\u00e9s de f\u00eata et tomates s\u00e9ch\u00e9es. <\/p>\n\n\n\n<p>Bon app\u00e9tit&nbsp;! <\/p>\n","protected":false},"excerpt":{"rendered":"<p>Les premi\u00e8res asperges sont arriv\u00e9es, une recette qui m\u00e9lange le chaud et le froid pour consommer ce l\u00e9gume. Ingr\u00e9dients pour 2 personnes\u00a0: 300g de pommes de terre grenailles 8 asperges F\u00eata Parmesan Tomates s\u00e9ch\u00e9es 45 ml d\u2019huile Sel Laver les pommes de terre grenailles, les d\u00e9poser dans un plat allant au four. Verser 35ml d\u2019huile, saler. M\u00e9langer pour que les pommes de terre s\u2019impr\u00e8gnent bien. Enfourner 50 minutes \u00e0 180\u00b0. Pendant ce temps, couper le bout dur des asperges. Faire bouillir de l\u2019eau dans une casserole, plonger les asperges 4 minutes. Une fois \u00e9goutter, les passer sous un filet d\u2019eau froide pour maintenir la couleur verte des asperges. Dans une po\u00eale, faire revenir le reste de l\u2019huile, ajouter les asperges pour les faire dorer quelques minutes, saupoudrer de parmesan en fin de cuisson. Dans une assiette creuse, d\u00e9poser les pommes de terre, les asperges, quelques d\u00e9s de f\u00eata et tomates s\u00e9ch\u00e9es. Bon app\u00e9tit&nbsp;!<\/p>\n","protected":false},"author":1,"featured_media":1783,"comment_status":"open","ping_status":"open","sticky":false,"template":"","format":"standard","meta":{"_mi_skip_tracking":false,"footnotes":""},"categories":[5,3],"tags":[253,179,254,24,27,212,213,187],"yoast_head":"<!-- This site is optimized with the Yoast SEO plugin v20.2 - https:\/\/yoast.com\/wordpress\/plugins\/seo\/ -->\n<title>Pommes de terre grenailles asperges au parmesan - Di\u00e8t et Forme<\/title>\n<meta name=\"robots\" content=\"index, follow, max-snippet:-1, max-image-preview:large, max-video-preview:-1\" \/>\n<link rel=\"canonical\" href=\"https:\/\/dietetforme.fr\/blog\/pommes-de-terre-grenailles-asperges-au-parmesan\/\" \/>\n<meta property=\"og:locale\" content=\"fr_FR\" \/>\n<meta property=\"og:type\" content=\"article\" \/>\n<meta property=\"og:title\" content=\"Pommes de terre grenailles asperges au parmesan - Di\u00e8t et Forme\" \/>\n<meta property=\"og:description\" content=\"Les premi\u00e8res asperges sont arriv\u00e9es, une recette qui m\u00e9lange le chaud et le froid pour consommer ce l\u00e9gume. Ingr\u00e9dients pour 2 personnes\u00a0: 300g de pommes de terre grenailles 8 asperges F\u00eata Parmesan Tomates s\u00e9ch\u00e9es 45 ml d\u2019huile Sel Laver les pommes de terre grenailles, les d\u00e9poser dans un plat allant au four. Verser 35ml d\u2019huile, saler. M\u00e9langer pour que les pommes de terre s\u2019impr\u00e8gnent bien. Enfourner 50 minutes \u00e0 180\u00b0. Pendant ce temps, couper le bout dur des asperges. Faire bouillir de l\u2019eau dans une casserole, plonger les asperges 4 minutes. Une fois \u00e9goutter, les passer sous un filet d\u2019eau froide pour maintenir la couleur verte des asperges. Dans une po\u00eale, faire revenir le reste de l\u2019huile, ajouter les asperges pour les faire dorer quelques minutes, saupoudrer de parmesan en fin de cuisson. Dans une assiette creuse, d\u00e9poser les pommes de terre, les asperges, quelques d\u00e9s de f\u00eata et tomates s\u00e9ch\u00e9es. Bon app\u00e9tit&nbsp;!\" \/>\n<meta property=\"og:url\" content=\"https:\/\/dietetforme.fr\/blog\/pommes-de-terre-grenailles-asperges-au-parmesan\/\" \/>\n<meta property=\"og:site_name\" content=\"Di\u00e8t et Forme\" \/>\n<meta property=\"article:publisher\" content=\"https:\/\/www.facebook.com\/lddietetforme\/\" \/>\n<meta property=\"article:published_time\" content=\"2020-03-02T12:41:05+00:00\" \/>\n<meta property=\"article:modified_time\" content=\"2020-03-02T12:41:10+00:00\" \/>\n<meta property=\"og:image\" content=\"https:\/\/dietetforme.fr\/blog\/wp-content\/uploads\/2020\/03\/87963574_495122297818727_3347453624526569472_n.jpg\" \/>\n\t<meta property=\"og:image:width\" content=\"768\" \/>\n\t<meta property=\"og:image:height\" content=\"960\" \/>\n\t<meta property=\"og:image:type\" content=\"image\/jpeg\" \/>\n<meta name=\"author\" content=\"L\u00e9onore Duchez\" \/>\n<meta name=\"twitter:card\" content=\"summary_large_image\" \/>\n<meta name=\"twitter:label1\" content=\"\u00c9crit par\" \/>\n\t<meta name=\"twitter:data1\" content=\"L\u00e9onore Duchez\" \/>\n\t<meta name=\"twitter:label2\" content=\"Dur\u00e9e de lecture estim\u00e9e\" \/>\n\t<meta name=\"twitter:data2\" content=\"1 minute\" \/>\n<script type=\"application\/ld+json\" class=\"yoast-schema-graph\">{\"@context\":\"https:\/\/schema.org\",\"@graph\":[{\"@type\":\"WebPage\",\"@id\":\"https:\/\/dietetforme.fr\/blog\/pommes-de-terre-grenailles-asperges-au-parmesan\/\",\"url\":\"https:\/\/dietetforme.fr\/blog\/pommes-de-terre-grenailles-asperges-au-parmesan\/\",\"name\":\"Pommes de terre grenailles asperges au parmesan - Di\u00e8t et Forme\",\"isPartOf\":{\"@id\":\"https:\/\/dietetforme.fr\/blog\/#website\"},\"datePublished\":\"2020-03-02T12:41:05+00:00\",\"dateModified\":\"2020-03-02T12:41:10+00:00\",\"author\":{\"@id\":\"https:\/\/dietetforme.fr\/blog\/#\/schema\/person\/dfda5751b55409cd7b4557f58765f7a2\"},\"breadcrumb\":{\"@id\":\"https:\/\/dietetforme.fr\/blog\/pommes-de-terre-grenailles-asperges-au-parmesan\/#breadcrumb\"},\"inLanguage\":\"fr-FR\",\"potentialAction\":[{\"@type\":\"ReadAction\",\"target\":[\"https:\/\/dietetforme.fr\/blog\/pommes-de-terre-grenailles-asperges-au-parmesan\/\"]}]},{\"@type\":\"BreadcrumbList\",\"@id\":\"https:\/\/dietetforme.fr\/blog\/pommes-de-terre-grenailles-asperges-au-parmesan\/#breadcrumb\",\"itemListElement\":[{\"@type\":\"ListItem\",\"position\":1,\"name\":\"Accueil\",\"item\":\"https:\/\/dietetforme.fr\/blog\/\"},{\"@type\":\"ListItem\",\"position\":2,\"name\":\"RECETTES \\\"V\u00c9G\u00c9S\\\"\",\"item\":\"https:\/\/dietetforme.fr\/blog\/cat\/recettes-veges\/\"},{\"@type\":\"ListItem\",\"position\":3,\"name\":\"Pommes de terre grenailles asperges au parmesan\"}]},{\"@type\":\"WebSite\",\"@id\":\"https:\/\/dietetforme.fr\/blog\/#website\",\"url\":\"https:\/\/dietetforme.fr\/blog\/\",\"name\":\"Di\u00e8t et Forme\",\"description\":\"Blog de recettes et astuces di\u00e9t\u00e9tiques\",\"potentialAction\":[{\"@type\":\"SearchAction\",\"target\":{\"@type\":\"EntryPoint\",\"urlTemplate\":\"https:\/\/dietetforme.fr\/blog\/?s={search_term_string}\"},\"query-input\":\"required name=search_term_string\"}],\"inLanguage\":\"fr-FR\"},{\"@type\":\"Person\",\"@id\":\"https:\/\/dietetforme.fr\/blog\/#\/schema\/person\/dfda5751b55409cd7b4557f58765f7a2\",\"name\":\"L\u00e9onore Duchez\",\"image\":{\"@type\":\"ImageObject\",\"inLanguage\":\"fr-FR\",\"@id\":\"https:\/\/dietetforme.fr\/blog\/#\/schema\/person\/image\/\",\"url\":\"https:\/\/secure.gravatar.com\/avatar\/bcb12a51f6392d50f0d406d3f084b785?s=96&d=mm&r=g\",\"contentUrl\":\"https:\/\/secure.gravatar.com\/avatar\/bcb12a51f6392d50f0d406d3f084b785?s=96&d=mm&r=g\",\"caption\":\"L\u00e9onore Duchez\"},\"url\":\"https:\/\/dietetforme.fr\/blog\/author\/admin\/\"}]}<\/script>\n<!-- \/ Yoast SEO plugin. -->","yoast_head_json":{"title":"Pommes de terre grenailles asperges au parmesan - Di\u00e8t et Forme","robots":{"index":"index","follow":"follow","max-snippet":"max-snippet:-1","max-image-preview":"max-image-preview:large","max-video-preview":"max-video-preview:-1"},"canonical":"https:\/\/dietetforme.fr\/blog\/pommes-de-terre-grenailles-asperges-au-parmesan\/","og_locale":"fr_FR","og_type":"article","og_title":"Pommes de terre grenailles asperges au parmesan - Di\u00e8t et Forme","og_description":"Les premi\u00e8res asperges sont arriv\u00e9es, une recette qui m\u00e9lange le chaud et le froid pour consommer ce l\u00e9gume. Ingr\u00e9dients pour 2 personnes\u00a0: 300g de pommes de terre grenailles 8 asperges F\u00eata Parmesan Tomates s\u00e9ch\u00e9es 45 ml d\u2019huile Sel Laver les pommes de terre grenailles, les d\u00e9poser dans un plat allant au four. Verser 35ml d\u2019huile, saler. M\u00e9langer pour que les pommes de terre s\u2019impr\u00e8gnent bien. Enfourner 50 minutes \u00e0 180\u00b0. Pendant ce temps, couper le bout dur des asperges. Faire bouillir de l\u2019eau dans une casserole, plonger les asperges 4 minutes. Une fois \u00e9goutter, les passer sous un filet d\u2019eau froide pour maintenir la couleur verte des asperges. Dans une po\u00eale, faire revenir le reste de l\u2019huile, ajouter les asperges pour les faire dorer quelques minutes, saupoudrer de parmesan en fin de cuisson. Dans une assiette creuse, d\u00e9poser les pommes de terre, les asperges, quelques d\u00e9s de f\u00eata et tomates s\u00e9ch\u00e9es. Bon app\u00e9tit&nbsp;!","og_url":"https:\/\/dietetforme.fr\/blog\/pommes-de-terre-grenailles-asperges-au-parmesan\/","og_site_name":"Di\u00e8t et Forme","article_publisher":"https:\/\/www.facebook.com\/lddietetforme\/","article_published_time":"2020-03-02T12:41:05+00:00","article_modified_time":"2020-03-02T12:41:10+00:00","og_image":[{"width":768,"height":960,"url":"https:\/\/dietetforme.fr\/blog\/wp-content\/uploads\/2020\/03\/87963574_495122297818727_3347453624526569472_n.jpg","type":"image\/jpeg"}],"author":"L\u00e9onore Duchez","twitter_card":"summary_large_image","twitter_misc":{"\u00c9crit par":"L\u00e9onore Duchez","Dur\u00e9e de lecture estim\u00e9e":"1 minute"},"schema":{"@context":"https:\/\/schema.org","@graph":[{"@type":"WebPage","@id":"https:\/\/dietetforme.fr\/blog\/pommes-de-terre-grenailles-asperges-au-parmesan\/","url":"https:\/\/dietetforme.fr\/blog\/pommes-de-terre-grenailles-asperges-au-parmesan\/","name":"Pommes de terre grenailles asperges au parmesan - Di\u00e8t et Forme","isPartOf":{"@id":"https:\/\/dietetforme.fr\/blog\/#website"},"datePublished":"2020-03-02T12:41:05+00:00","dateModified":"2020-03-02T12:41:10+00:00","author":{"@id":"https:\/\/dietetforme.fr\/blog\/#\/schema\/person\/dfda5751b55409cd7b4557f58765f7a2"},"breadcrumb":{"@id":"https:\/\/dietetforme.fr\/blog\/pommes-de-terre-grenailles-asperges-au-parmesan\/#breadcrumb"},"inLanguage":"fr-FR","potentialAction":[{"@type":"ReadAction","target":["https:\/\/dietetforme.fr\/blog\/pommes-de-terre-grenailles-asperges-au-parmesan\/"]}]},{"@type":"BreadcrumbList","@id":"https:\/\/dietetforme.fr\/blog\/pommes-de-terre-grenailles-asperges-au-parmesan\/#breadcrumb","itemListElement":[{"@type":"ListItem","position":1,"name":"Accueil","item":"https:\/\/dietetforme.fr\/blog\/"},{"@type":"ListItem","position":2,"name":"RECETTES \"V\u00c9G\u00c9S\"","item":"https:\/\/dietetforme.fr\/blog\/cat\/recettes-veges\/"},{"@type":"ListItem","position":3,"name":"Pommes de terre grenailles asperges au parmesan"}]},{"@type":"WebSite","@id":"https:\/\/dietetforme.fr\/blog\/#website","url":"https:\/\/dietetforme.fr\/blog\/","name":"Di\u00e8t et Forme","description":"Blog de recettes et astuces di\u00e9t\u00e9tiques","potentialAction":[{"@type":"SearchAction","target":{"@type":"EntryPoint","urlTemplate":"https:\/\/dietetforme.fr\/blog\/?s={search_term_string}"},"query-input":"required name=search_term_string"}],"inLanguage":"fr-FR"},{"@type":"Person","@id":"https:\/\/dietetforme.fr\/blog\/#\/schema\/person\/dfda5751b55409cd7b4557f58765f7a2","name":"L\u00e9onore Duchez","image":{"@type":"ImageObject","inLanguage":"fr-FR","@id":"https:\/\/dietetforme.fr\/blog\/#\/schema\/person\/image\/","url":"https:\/\/secure.gravatar.com\/avatar\/bcb12a51f6392d50f0d406d3f084b785?s=96&d=mm&r=g","contentUrl":"https:\/\/secure.gravatar.com\/avatar\/bcb12a51f6392d50f0d406d3f084b785?s=96&d=mm&r=g","caption":"L\u00e9onore Duchez"},"url":"https:\/\/dietetforme.fr\/blog\/author\/admin\/"}]}},"acf":[],"_links":{"self":[{"href":"https:\/\/dietetforme.fr\/blog\/wp-json\/wp\/v2\/posts\/1782"}],"collection":[{"href":"https:\/\/dietetforme.fr\/blog\/wp-json\/wp\/v2\/posts"}],"about":[{"href":"https:\/\/dietetforme.fr\/blog\/wp-json\/wp\/v2\/types\/post"}],"author":[{"embeddable":true,"href":"https:\/\/dietetforme.fr\/blog\/wp-json\/wp\/v2\/users\/1"}],"replies":[{"embeddable":true,"href":"https:\/\/dietetforme.fr\/blog\/wp-json\/wp\/v2\/comments?post=1782"}],"version-history":[{"count":1,"href":"https:\/\/dietetforme.fr\/blog\/wp-json\/wp\/v2\/posts\/1782\/revisions"}],"predecessor-version":[{"id":1784,"href":"https:\/\/dietetforme.fr\/blog\/wp-json\/wp\/v2\/posts\/1782\/revisions\/1784"}],"wp:featuredmedia":[{"embeddable":true,"href":"https:\/\/dietetforme.fr\/blog\/wp-json\/wp\/v2\/media\/1783"}],"wp:attachment":[{"href":"https:\/\/dietetforme.fr\/blog\/wp-json\/wp\/v2\/media?parent=1782"}],"wp:term":[{"taxonomy":"category","embeddable":true,"href":"https:\/\/dietetforme.fr\/blog\/wp-json\/wp\/v2\/categories?post=1782"},{"taxonomy":"post_tag","embeddable":true,"href":"https:\/\/dietetforme.fr\/blog\/wp-json\/wp\/v2\/tags?post=1782"}],"curies":[{"name":"wp","href":"https:\/\/api.w.org\/{rel}","templated":true}]}}