{"id":1616,"date":"2019-07-01T14:15:04","date_gmt":"2019-07-01T14:15:04","guid":{"rendered":"https:\/\/dietetforme.fr\/blog\/?p=1616"},"modified":"2019-07-01T14:35:43","modified_gmt":"2019-07-01T14:35:43","slug":"fruits-et-legumes-du-mois-de-juillet","status":"publish","type":"post","link":"https:\/\/dietetforme.fr\/blog\/fruits-et-legumes-du-mois-de-juillet\/","title":{"rendered":"Fruits et l\u00e9gumes du mois de Juillet"},"content":{"rendered":"\n<p>De plus en plus de fruits et l\u00e9gumes de saison pour des plats sains et \u00e9quilibr\u00e9s : <\/p>\n\n\n\n<p>Les fruits : <\/p>\n\n\n\n<ul><li>abricots<\/li><li>cerises<\/li><li>framboises<\/li><li>groseilles<\/li><li>fraises<\/li><li>citrons<\/li><li>bananes<\/li><li>fruits de la passion <\/li><li>litchis<\/li><li>m\u00fbres<\/li><li>papayes<\/li><li>cassis<\/li><li>mangue <\/li><li>mpyrtille<\/li><li>p\u00eaches<\/li><li>tomates<\/li><\/ul>\n\n\n\n<p>Les l\u00e9gumes : <\/p>\n\n\n\n<ul><li>courgettes<\/li><li>navets<\/li><li>salades<\/li><li>aubergines<\/li><li>concombres<\/li><li>poivrons<\/li><li>haricots verts <\/li><\/ul>\n\n\n\n<p>Tr\u00e8s vite la recette du mois : Tarte \u00e0 la ratatouille et parmesan <\/p>\n\n\n\n<p><\/p>\n","protected":false},"excerpt":{"rendered":"<p>De plus en plus de fruits et l\u00e9gumes de saison pour des plats sains et \u00e9quilibr\u00e9s : Les fruits : abricots cerises framboises groseilles fraises citrons bananes fruits de la passion litchis m\u00fbres papayes cassis mangue mpyrtille p\u00eaches tomates Les l\u00e9gumes : courgettes navets salades aubergines concombres poivrons haricots verts Tr\u00e8s vite la recette du mois : Tarte \u00e0 la ratatouille et parmesan<\/p>\n","protected":false},"author":1,"featured_media":1617,"comment_status":"open","ping_status":"open","sticky":false,"template":"","format":"standard","meta":{"_mi_skip_tracking":false,"footnotes":""},"categories":[5],"tags":[184,28,24,27,215,204,200],"yoast_head":"<!-- This site is optimized with the Yoast SEO plugin v20.2 - https:\/\/yoast.com\/wordpress\/plugins\/seo\/ -->\n<title>Fruits et l\u00e9gumes du mois de Juillet - Di\u00e8t et Forme<\/title>\n<meta name=\"robots\" content=\"index, follow, max-snippet:-1, max-image-preview:large, max-video-preview:-1\" \/>\n<link rel=\"canonical\" href=\"https:\/\/dietetforme.fr\/blog\/fruits-et-legumes-du-mois-de-juillet\/\" \/>\n<meta property=\"og:locale\" content=\"fr_FR\" \/>\n<meta property=\"og:type\" content=\"article\" \/>\n<meta property=\"og:title\" content=\"Fruits et l\u00e9gumes du mois de Juillet - Di\u00e8t et Forme\" \/>\n<meta property=\"og:description\" content=\"De plus en plus de fruits et l\u00e9gumes de saison pour des plats sains et \u00e9quilibr\u00e9s : Les fruits : abricots cerises framboises groseilles fraises citrons bananes fruits de la passion litchis m\u00fbres papayes cassis mangue mpyrtille p\u00eaches tomates Les l\u00e9gumes : courgettes navets salades aubergines concombres poivrons haricots verts Tr\u00e8s vite la recette du mois : Tarte \u00e0 la ratatouille et parmesan\" \/>\n<meta property=\"og:url\" content=\"https:\/\/dietetforme.fr\/blog\/fruits-et-legumes-du-mois-de-juillet\/\" \/>\n<meta property=\"og:site_name\" content=\"Di\u00e8t et Forme\" \/>\n<meta property=\"article:publisher\" content=\"https:\/\/www.facebook.com\/lddietetforme\/\" \/>\n<meta property=\"article:published_time\" content=\"2019-07-01T14:15:04+00:00\" \/>\n<meta property=\"article:modified_time\" content=\"2019-07-01T14:35:43+00:00\" \/>\n<meta property=\"og:image\" content=\"https:\/\/dietetforme.fr\/blog\/wp-content\/uploads\/2019\/07\/pexels-photo-1099680.jpg\" \/>\n\t<meta property=\"og:image:width\" content=\"1125\" \/>\n\t<meta property=\"og:image:height\" content=\"750\" \/>\n\t<meta property=\"og:image:type\" content=\"image\/jpeg\" \/>\n<meta name=\"author\" content=\"L\u00e9onore Duchez\" \/>\n<meta name=\"twitter:card\" content=\"summary_large_image\" \/>\n<meta name=\"twitter:label1\" content=\"\u00c9crit par\" \/>\n\t<meta name=\"twitter:data1\" content=\"L\u00e9onore Duchez\" \/>\n<script type=\"application\/ld+json\" class=\"yoast-schema-graph\">{\"@context\":\"https:\/\/schema.org\",\"@graph\":[{\"@type\":\"WebPage\",\"@id\":\"https:\/\/dietetforme.fr\/blog\/fruits-et-legumes-du-mois-de-juillet\/\",\"url\":\"https:\/\/dietetforme.fr\/blog\/fruits-et-legumes-du-mois-de-juillet\/\",\"name\":\"Fruits et l\u00e9gumes du mois de Juillet - Di\u00e8t et Forme\",\"isPartOf\":{\"@id\":\"https:\/\/dietetforme.fr\/blog\/#website\"},\"datePublished\":\"2019-07-01T14:15:04+00:00\",\"dateModified\":\"2019-07-01T14:35:43+00:00\",\"author\":{\"@id\":\"https:\/\/dietetforme.fr\/blog\/#\/schema\/person\/dfda5751b55409cd7b4557f58765f7a2\"},\"breadcrumb\":{\"@id\":\"https:\/\/dietetforme.fr\/blog\/fruits-et-legumes-du-mois-de-juillet\/#breadcrumb\"},\"inLanguage\":\"fr-FR\",\"potentialAction\":[{\"@type\":\"ReadAction\",\"target\":[\"https:\/\/dietetforme.fr\/blog\/fruits-et-legumes-du-mois-de-juillet\/\"]}]},{\"@type\":\"BreadcrumbList\",\"@id\":\"https:\/\/dietetforme.fr\/blog\/fruits-et-legumes-du-mois-de-juillet\/#breadcrumb\",\"itemListElement\":[{\"@type\":\"ListItem\",\"position\":1,\"name\":\"Accueil\",\"item\":\"https:\/\/dietetforme.fr\/blog\/\"},{\"@type\":\"ListItem\",\"position\":2,\"name\":\"RECETTES\",\"item\":\"https:\/\/dietetforme.fr\/blog\/cat\/recettes-et-astuces-nutrition\/\"},{\"@type\":\"ListItem\",\"position\":3,\"name\":\"Fruits et l\u00e9gumes du mois de Juillet\"}]},{\"@type\":\"WebSite\",\"@id\":\"https:\/\/dietetforme.fr\/blog\/#website\",\"url\":\"https:\/\/dietetforme.fr\/blog\/\",\"name\":\"Di\u00e8t et Forme\",\"description\":\"Blog de recettes et astuces di\u00e9t\u00e9tiques\",\"potentialAction\":[{\"@type\":\"SearchAction\",\"target\":{\"@type\":\"EntryPoint\",\"urlTemplate\":\"https:\/\/dietetforme.fr\/blog\/?s={search_term_string}\"},\"query-input\":\"required name=search_term_string\"}],\"inLanguage\":\"fr-FR\"},{\"@type\":\"Person\",\"@id\":\"https:\/\/dietetforme.fr\/blog\/#\/schema\/person\/dfda5751b55409cd7b4557f58765f7a2\",\"name\":\"L\u00e9onore Duchez\",\"image\":{\"@type\":\"ImageObject\",\"inLanguage\":\"fr-FR\",\"@id\":\"https:\/\/dietetforme.fr\/blog\/#\/schema\/person\/image\/\",\"url\":\"https:\/\/secure.gravatar.com\/avatar\/bcb12a51f6392d50f0d406d3f084b785?s=96&d=mm&r=g\",\"contentUrl\":\"https:\/\/secure.gravatar.com\/avatar\/bcb12a51f6392d50f0d406d3f084b785?s=96&d=mm&r=g\",\"caption\":\"L\u00e9onore Duchez\"},\"url\":\"https:\/\/dietetforme.fr\/blog\/author\/admin\/\"}]}<\/script>\n<!-- \/ Yoast SEO plugin. -->","yoast_head_json":{"title":"Fruits et l\u00e9gumes du mois de Juillet - Di\u00e8t et Forme","robots":{"index":"index","follow":"follow","max-snippet":"max-snippet:-1","max-image-preview":"max-image-preview:large","max-video-preview":"max-video-preview:-1"},"canonical":"https:\/\/dietetforme.fr\/blog\/fruits-et-legumes-du-mois-de-juillet\/","og_locale":"fr_FR","og_type":"article","og_title":"Fruits et l\u00e9gumes du mois de Juillet - Di\u00e8t et Forme","og_description":"De plus en plus de fruits et l\u00e9gumes de saison pour des plats sains et \u00e9quilibr\u00e9s : Les fruits : abricots cerises framboises groseilles fraises citrons bananes fruits de la passion litchis m\u00fbres papayes cassis mangue mpyrtille p\u00eaches tomates Les l\u00e9gumes : courgettes navets salades aubergines concombres poivrons haricots verts Tr\u00e8s vite la recette du mois : Tarte \u00e0 la ratatouille et parmesan","og_url":"https:\/\/dietetforme.fr\/blog\/fruits-et-legumes-du-mois-de-juillet\/","og_site_name":"Di\u00e8t et Forme","article_publisher":"https:\/\/www.facebook.com\/lddietetforme\/","article_published_time":"2019-07-01T14:15:04+00:00","article_modified_time":"2019-07-01T14:35:43+00:00","og_image":[{"width":1125,"height":750,"url":"https:\/\/dietetforme.fr\/blog\/wp-content\/uploads\/2019\/07\/pexels-photo-1099680.jpg","type":"image\/jpeg"}],"author":"L\u00e9onore Duchez","twitter_card":"summary_large_image","twitter_misc":{"\u00c9crit par":"L\u00e9onore Duchez"},"schema":{"@context":"https:\/\/schema.org","@graph":[{"@type":"WebPage","@id":"https:\/\/dietetforme.fr\/blog\/fruits-et-legumes-du-mois-de-juillet\/","url":"https:\/\/dietetforme.fr\/blog\/fruits-et-legumes-du-mois-de-juillet\/","name":"Fruits et l\u00e9gumes du mois de Juillet - Di\u00e8t et Forme","isPartOf":{"@id":"https:\/\/dietetforme.fr\/blog\/#website"},"datePublished":"2019-07-01T14:15:04+00:00","dateModified":"2019-07-01T14:35:43+00:00","author":{"@id":"https:\/\/dietetforme.fr\/blog\/#\/schema\/person\/dfda5751b55409cd7b4557f58765f7a2"},"breadcrumb":{"@id":"https:\/\/dietetforme.fr\/blog\/fruits-et-legumes-du-mois-de-juillet\/#breadcrumb"},"inLanguage":"fr-FR","potentialAction":[{"@type":"ReadAction","target":["https:\/\/dietetforme.fr\/blog\/fruits-et-legumes-du-mois-de-juillet\/"]}]},{"@type":"BreadcrumbList","@id":"https:\/\/dietetforme.fr\/blog\/fruits-et-legumes-du-mois-de-juillet\/#breadcrumb","itemListElement":[{"@type":"ListItem","position":1,"name":"Accueil","item":"https:\/\/dietetforme.fr\/blog\/"},{"@type":"ListItem","position":2,"name":"RECETTES","item":"https:\/\/dietetforme.fr\/blog\/cat\/recettes-et-astuces-nutrition\/"},{"@type":"ListItem","position":3,"name":"Fruits et l\u00e9gumes du mois de Juillet"}]},{"@type":"WebSite","@id":"https:\/\/dietetforme.fr\/blog\/#website","url":"https:\/\/dietetforme.fr\/blog\/","name":"Di\u00e8t et Forme","description":"Blog de recettes et astuces di\u00e9t\u00e9tiques","potentialAction":[{"@type":"SearchAction","target":{"@type":"EntryPoint","urlTemplate":"https:\/\/dietetforme.fr\/blog\/?s={search_term_string}"},"query-input":"required name=search_term_string"}],"inLanguage":"fr-FR"},{"@type":"Person","@id":"https:\/\/dietetforme.fr\/blog\/#\/schema\/person\/dfda5751b55409cd7b4557f58765f7a2","name":"L\u00e9onore Duchez","image":{"@type":"ImageObject","inLanguage":"fr-FR","@id":"https:\/\/dietetforme.fr\/blog\/#\/schema\/person\/image\/","url":"https:\/\/secure.gravatar.com\/avatar\/bcb12a51f6392d50f0d406d3f084b785?s=96&d=mm&r=g","contentUrl":"https:\/\/secure.gravatar.com\/avatar\/bcb12a51f6392d50f0d406d3f084b785?s=96&d=mm&r=g","caption":"L\u00e9onore Duchez"},"url":"https:\/\/dietetforme.fr\/blog\/author\/admin\/"}]}},"acf":[],"_links":{"self":[{"href":"https:\/\/dietetforme.fr\/blog\/wp-json\/wp\/v2\/posts\/1616"}],"collection":[{"href":"https:\/\/dietetforme.fr\/blog\/wp-json\/wp\/v2\/posts"}],"about":[{"href":"https:\/\/dietetforme.fr\/blog\/wp-json\/wp\/v2\/types\/post"}],"author":[{"embeddable":true,"href":"https:\/\/dietetforme.fr\/blog\/wp-json\/wp\/v2\/users\/1"}],"replies":[{"embeddable":true,"href":"https:\/\/dietetforme.fr\/blog\/wp-json\/wp\/v2\/comments?post=1616"}],"version-history":[{"count":2,"href":"https:\/\/dietetforme.fr\/blog\/wp-json\/wp\/v2\/posts\/1616\/revisions"}],"predecessor-version":[{"id":1621,"href":"https:\/\/dietetforme.fr\/blog\/wp-json\/wp\/v2\/posts\/1616\/revisions\/1621"}],"wp:featuredmedia":[{"embeddable":true,"href":"https:\/\/dietetforme.fr\/blog\/wp-json\/wp\/v2\/media\/1617"}],"wp:attachment":[{"href":"https:\/\/dietetforme.fr\/blog\/wp-json\/wp\/v2\/media?parent=1616"}],"wp:term":[{"taxonomy":"category","embeddable":true,"href":"https:\/\/dietetforme.fr\/blog\/wp-json\/wp\/v2\/categories?post=1616"},{"taxonomy":"post_tag","embeddable":true,"href":"https:\/\/dietetforme.fr\/blog\/wp-json\/wp\/v2\/tags?post=1616"}],"curies":[{"name":"wp","href":"https:\/\/api.w.org\/{rel}","templated":true}]}}